{"id":4175,"date":"2023-03-10T15:04:39","date_gmt":"2023-03-10T14:04:39","guid":{"rendered":"https:\/\/artlawfoundation.com\/les-marbres-du-parthenon-nouvelles-circonstances-et-nouvelles-solutions\/"},"modified":"2023-03-10T15:04:39","modified_gmt":"2023-03-10T14:04:39","slug":"les-marbres-du-parthenon-nouvelles-circonstances-et-nouvelles-solutions","status":"publish","type":"post","link":"https:\/\/artlawfoundation.com\/fr\/les-marbres-du-parthenon-nouvelles-circonstances-et-nouvelles-solutions\/","title":{"rendered":"Les marbres du Parth\u00e9non : nouvelles circonstances et nouvelles solutions ?"},"content":{"rendered":"<p><a href=\"https:\/\/artlawfoundation.com\/site\/wp-content\/uploads\/2023\/03\/Image3.jpg\" data-rel=\"lightbox-image-0\" data-rl_title=\"\" data-rl_caption=\"\" title=\"\"><img loading=\"lazy\" decoding=\"async\" class=\" wp-image-2378 alignright\" src=\"https:\/\/artlawfoundation.com\/site\/wp-content\/uploads\/2023\/03\/Image3.jpg\" alt=\"\" width=\"331\" height=\"459\" srcset=\"https:\/\/artlawfoundation.com\/site\/wp-content\/uploads\/2023\/03\/Image3.jpg 416w, https:\/\/artlawfoundation.com\/site\/wp-content\/uploads\/2023\/03\/Image3-250x347.jpg 250w, https:\/\/artlawfoundation.com\/site\/wp-content\/uploads\/2023\/03\/Image3-120x166.jpg 120w\" sizes=\"auto, (max-width: 331px) 100vw, 331px\" \/><\/a>Le Centre du droit de l\u2019art (CDA) a le plaisir de vous convier \u00e0 une conf\u00e9rence du Professeur Marc-Andr\u00e9 Renold sur<strong><em> \u00ab\u00a0Les marbres du Parth\u00e9non\u00a0: nouvelles circonstances et nouvelles solutions\u00a0?\u00a0\u00bb<\/em><\/strong>, organis\u00e9e avec le Comit\u00e9 suisse pour la r\u00e9unification des Marbres du Parth\u00e9non le <strong>lundi 20 mars prochain \u00e0 18h30<\/strong> <strong>\u00e0 Uni Mail <\/strong>et dont le programme est joint ici:\u00a0<a href=\"https:\/\/artlawfoundation.com\/site\/wp-content\/uploads\/2023\/03\/Affiche-A4_finalise\u0301e.pdf\">Marbres du Parth\u00e9non<\/a><\/p>\n<p>&nbsp;<\/p>\n<p>&nbsp;[:]\n","protected":false},"excerpt":{"rendered":"Le Centre du droit de l\u2019art (CDA) a le plaisir de vous convier \u00e0 une conf\u00e9rence du Professeur Marc-Andr\u00e9 Renold sur \u00ab\u00a0Les marbres du Parth\u00e9non\u00a0: nouvelles circonstances et nouvelles solutions\u00a0?\u00a0\u00bb, organis\u00e9e avec le Comit\u00e9 suisse pour la r\u00e9unification des Marbres du Parth\u00e9non le lundi 20 mars prochain \u00e0 18h30 \u00e0 Uni Mail et dont le&#8230; <a class=\"view-article\" href=\"https:\/\/artlawfoundation.com\/fr\/les-marbres-du-parthenon-nouvelles-circonstances-et-nouvelles-solutions\/\">Voir l&rsquo;article<\/a>","protected":false},"author":3,"featured_media":2378,"comment_status":"closed","ping_status":"closed","sticky":false,"template":"","format":"standard","meta":{"_acf_changed":false,"footnotes":""},"categories":[77,3],"tags":[],"class_list":["post-4175","post","type-post","status-publish","format-standard","has-post-thumbnail","hentry","category-news-fr","category-news"],"acf":[],"_links":{"self":[{"href":"https:\/\/artlawfoundation.com\/fr\/wp-json\/wp\/v2\/posts\/4175","targetHints":{"allow":["GET"]}}],"collection":[{"href":"https:\/\/artlawfoundation.com\/fr\/wp-json\/wp\/v2\/posts"}],"about":[{"href":"https:\/\/artlawfoundation.com\/fr\/wp-json\/wp\/v2\/types\/post"}],"author":[{"embeddable":true,"href":"https:\/\/artlawfoundation.com\/fr\/wp-json\/wp\/v2\/users\/3"}],"replies":[{"embeddable":true,"href":"https:\/\/artlawfoundation.com\/fr\/wp-json\/wp\/v2\/comments?post=4175"}],"version-history":[{"count":0,"href":"https:\/\/artlawfoundation.com\/fr\/wp-json\/wp\/v2\/posts\/4175\/revisions"}],"wp:featuredmedia":[{"embeddable":true,"href":"https:\/\/artlawfoundation.com\/fr\/wp-json\/wp\/v2\/media\/2378"}],"wp:attachment":[{"href":"https:\/\/artlawfoundation.com\/fr\/wp-json\/wp\/v2\/media?parent=4175"}],"wp:term":[{"taxonomy":"category","embeddable":true,"href":"https:\/\/artlawfoundation.com\/fr\/wp-json\/wp\/v2\/categories?post=4175"},{"taxonomy":"post_tag","embeddable":true,"href":"https:\/\/artlawfoundation.com\/fr\/wp-json\/wp\/v2\/tags?post=4175"}],"curies":[{"name":"wp","href":"https:\/\/api.w.org\/{rel}","templated":true}]}}