{"id":4158,"date":"2022-03-08T14:19:00","date_gmt":"2022-03-08T13:19:00","guid":{"rendered":"https:\/\/artlawfoundation.com\/enregistrement-du-philanthropy-lunch-fondations-et-droit-dauteur\/"},"modified":"2022-03-08T14:19:00","modified_gmt":"2022-03-08T13:19:00","slug":"enregistrement-du-philanthropy-lunch-fondations-et-droit-dauteur","status":"publish","type":"post","link":"https:\/\/artlawfoundation.com\/fr\/enregistrement-du-philanthropy-lunch-fondations-et-droit-dauteur\/","title":{"rendered":"Enregistrement du philanthropy lunch | Fondations et droit d\u2019auteur"},"content":{"rendered":"<p><a href=\"https:\/\/artlawfoundation.com\/site\/wp-content\/uploads\/2022\/01\/Philanthropy-Lunch-new.jpg\" data-rel=\"lightbox-image-0\" data-rl_title=\"\" data-rl_caption=\"\" title=\"\"><img loading=\"lazy\" decoding=\"async\" width=\"450\" height=\"188\" class=\"alignnone size-full wp-image-2123\" src=\"https:\/\/artlawfoundation.com\/site\/wp-content\/uploads\/2022\/01\/Philanthropy-Lunch-new.jpg\" alt=\"\" srcset=\"https:\/\/artlawfoundation.com\/site\/wp-content\/uploads\/2022\/01\/Philanthropy-Lunch-new.jpg 450w, https:\/\/artlawfoundation.com\/site\/wp-content\/uploads\/2022\/01\/Philanthropy-Lunch-new-250x104.jpg 250w, https:\/\/artlawfoundation.com\/site\/wp-content\/uploads\/2022\/01\/Philanthropy-Lunch-new-120x50.jpg 120w\" sizes=\"auto, (max-width: 450px) 100vw, 450px\" \/><\/a><\/p>\n<p>La vid\u00e9o du Philanthropy Lunch \u00ab\u00a0Fondations et droit d\u2019auteur\u00a0: enjeux et risques\u00a0\u00bb est \u00e0 pr\u00e9sent disponible ! Retrouvez les interventions de Constanze Semmelmann, Prof. Philippe Meier et Prof.\u00a0<a href=\"https:\/\/www.linkedin.com\/in\/ACoAAA3bSOsBnyDt1URZ_OQSthHiBN3AiK1O24k\" data-attribute-index=\"0\" data-entity-hovercard-id=\"urn:li:fs_miniProfile:ACoAAA3bSOsBnyDt1URZ_OQSthHiBN3AiK1O24k\" data-entity-type=\"MINI_PROFILE\">Xavier Oberson<\/a>, mod\u00e9r\u00e9es par Dr\u00a0<a href=\"https:\/\/www.linkedin.com\/in\/ACoAAAGXooYBrW31VJOK9MPjBciAaFSUma56NEA\" data-attribute-index=\"2\" data-entity-hovercard-id=\"urn:li:fs_miniProfile:ACoAAAGXooYBrW31VJOK9MPjBciAaFSUma56NEA\" data-entity-type=\"MINI_PROFILE\">Anne Laure Bandle<\/a>.<\/p>\n<p>Vid\u00e9o :\u00a0<a href=\"https:\/\/mediaserver.unige.ch\/play\/169316\">https:\/\/mediaserver.unige.ch\/play\/169316<\/a><\/p>\n<p>Ev\u00e9nement coorganis\u00e9 avec le Centre en philanthropie de l&rsquo;Universit\u00e9 de Gen\u00e8ve[:]\n","protected":false},"excerpt":{"rendered":"La vid\u00e9o du Philanthropy Lunch \u00ab\u00a0Fondations et droit d\u2019auteur\u00a0: enjeux et risques\u00a0\u00bb est \u00e0 pr\u00e9sent disponible ! Retrouvez les interventions de Constanze Semmelmann, Prof. Philippe Meier et Prof.\u00a0Xavier Oberson, mod\u00e9r\u00e9es par Dr\u00a0Anne Laure Bandle. Vid\u00e9o :\u00a0https:\/\/mediaserver.unige.ch\/play\/169316 Ev\u00e9nement coorganis\u00e9 avec le Centre en philanthropie de l&rsquo;Universit\u00e9 de Gen\u00e8ve[:]","protected":false},"author":3,"featured_media":2123,"comment_status":"closed","ping_status":"closed","sticky":false,"template":"","format":"standard","meta":{"_acf_changed":false,"footnotes":""},"categories":[77,3],"tags":[],"class_list":["post-4158","post","type-post","status-publish","format-standard","has-post-thumbnail","hentry","category-news-fr","category-news"],"acf":[],"_links":{"self":[{"href":"https:\/\/artlawfoundation.com\/fr\/wp-json\/wp\/v2\/posts\/4158","targetHints":{"allow":["GET"]}}],"collection":[{"href":"https:\/\/artlawfoundation.com\/fr\/wp-json\/wp\/v2\/posts"}],"about":[{"href":"https:\/\/artlawfoundation.com\/fr\/wp-json\/wp\/v2\/types\/post"}],"author":[{"embeddable":true,"href":"https:\/\/artlawfoundation.com\/fr\/wp-json\/wp\/v2\/users\/3"}],"replies":[{"embeddable":true,"href":"https:\/\/artlawfoundation.com\/fr\/wp-json\/wp\/v2\/comments?post=4158"}],"version-history":[{"count":0,"href":"https:\/\/artlawfoundation.com\/fr\/wp-json\/wp\/v2\/posts\/4158\/revisions"}],"wp:featuredmedia":[{"embeddable":true,"href":"https:\/\/artlawfoundation.com\/fr\/wp-json\/wp\/v2\/media\/2123"}],"wp:attachment":[{"href":"https:\/\/artlawfoundation.com\/fr\/wp-json\/wp\/v2\/media?parent=4158"}],"wp:term":[{"taxonomy":"category","embeddable":true,"href":"https:\/\/artlawfoundation.com\/fr\/wp-json\/wp\/v2\/categories?post=4158"},{"taxonomy":"post_tag","embeddable":true,"href":"https:\/\/artlawfoundation.com\/fr\/wp-json\/wp\/v2\/tags?post=4158"}],"curies":[{"name":"wp","href":"https:\/\/api.w.org\/{rel}","templated":true}]}}