{"id":4123,"date":"2020-04-09T14:26:53","date_gmt":"2020-04-09T12:26:53","guid":{"rendered":"https:\/\/artlawfoundation.com\/covid-19-le-gouvernement-suisse-soutient-le-secteur-de-la-culture\/"},"modified":"2020-04-09T14:26:53","modified_gmt":"2020-04-09T12:26:53","slug":"covid-19-le-gouvernement-suisse-soutient-le-secteur-de-la-culture","status":"publish","type":"post","link":"https:\/\/artlawfoundation.com\/fr\/covid-19-le-gouvernement-suisse-soutient-le-secteur-de-la-culture\/","title":{"rendered":"COVID-19: le Gouvernement suisse soutient le secteur de la culture"},"content":{"rendered":"<p><span id=\"ember1433\" class=\"ember-view\">Note de Henry Peter, directeur du GCP et Anne Laure Bandle<\/span><span id=\"ember1441\" class=\"ember-view\">, directrice de la FDA<\/span><span id=\"ember1449\" class=\"ember-view\">\u00a0et Academic fellow du GCP sur les mesures du gouvernement suisse pour soutenir le secteur de la culture.<\/span><\/p>\n<p>Le secteur de la culture est particuli\u00e8rement affect\u00e9 par la situation tr\u00e8s difficile d\u00e9coulant du confinement actuel et de l&rsquo;annulation d&rsquo;\u00e0 peu pr\u00e8s toutes les manifestations culturelles pendant plusieurs mois.<\/p>\n<p>Les cons\u00e9quences qui en d\u00e9coulent sont tr\u00e8s probl\u00e9matiques, car le domaine de la culture est notoirement un des plus vuln\u00e9rables. Le Gouvernement suisse en a pleine conscience et a d\u00e8s lors d\u00e9cid\u00e9 d&rsquo;intervenir d&rsquo;urgence par le biais d&rsquo;une ordonnance \u00ab\u00a0sur l&rsquo;att\u00e9nuation des cons\u00e9quences \u00e9conomiques du coronavirus (COVID-19) dans le secteur de la culture\u00a0\u00bb dat\u00e9e du 20 mars 2020 (ci-apr\u00e8s l'\u00a0\u00bb<strong>Ordonnance COVID culture<\/strong>\u00ab\u00a0). Les principaux \u00e9l\u00e9ments de l&rsquo;Ordonnance COVID culture sont r\u00e9sum\u00e9s ici.<\/p>\n<p><a href=\"https:\/\/artlawfoundation.com\/covid-19-the-swiss-government-supports-the-cultural-sector\/note-ordonnance-covid-19-sur-la-culture-clean9504481\/\" rel=\"attachment wp-att-1725\">Note Ordonnance COVID-19 sur la culture<\/a><\/p>\n<p><a href=\"https:\/\/artlawfoundation.com\/?attachment_id=1725\" rel=\"attachment wp-att-1726\"><img loading=\"lazy\" decoding=\"async\" class=\"alignnone wp-image-1726 size-full\" src=\"https:\/\/artlawfoundation.com\/site\/wp-content\/uploads\/2020\/04\/Ordonnance-COVID-culture.png\" alt=\"\" width=\"939\" height=\"420\" srcset=\"https:\/\/artlawfoundation.com\/site\/wp-content\/uploads\/2020\/04\/Ordonnance-COVID-culture.png 939w, https:\/\/artlawfoundation.com\/site\/wp-content\/uploads\/2020\/04\/Ordonnance-COVID-culture-250x112.png 250w, https:\/\/artlawfoundation.com\/site\/wp-content\/uploads\/2020\/04\/Ordonnance-COVID-culture-768x344.png 768w, https:\/\/artlawfoundation.com\/site\/wp-content\/uploads\/2020\/04\/Ordonnance-COVID-culture-700x313.png 700w, https:\/\/artlawfoundation.com\/site\/wp-content\/uploads\/2020\/04\/Ordonnance-COVID-culture-600x268.png 600w, https:\/\/artlawfoundation.com\/site\/wp-content\/uploads\/2020\/04\/Ordonnance-COVID-culture-120x54.png 120w\" sizes=\"auto, (max-width: 939px) 100vw, 939px\" \/><\/a>[:]\n","protected":false},"excerpt":{"rendered":"Note de Henry Peter, directeur du GCP et Anne Laure Bandle, directrice de la FDA\u00a0et Academic fellow du GCP sur les mesures du gouvernement suisse pour soutenir le secteur de la culture. Le secteur de la culture est particuli\u00e8rement affect\u00e9 par la situation tr\u00e8s difficile d\u00e9coulant du confinement actuel et de l&rsquo;annulation d&rsquo;\u00e0 peu pr\u00e8s&#8230; <a class=\"view-article\" href=\"https:\/\/artlawfoundation.com\/fr\/covid-19-le-gouvernement-suisse-soutient-le-secteur-de-la-culture\/\">Voir l&rsquo;article<\/a>","protected":false},"author":3,"featured_media":1726,"comment_status":"closed","ping_status":"closed","sticky":false,"template":"","format":"standard","meta":{"_acf_changed":false,"footnotes":""},"categories":[77,67,3,1],"tags":[],"class_list":["post-4123","post","type-post","status-publish","format-standard","has-post-thumbnail","hentry","category-news-fr","category-non-classifiee","category-news","category-senza-categoria"],"acf":[],"_links":{"self":[{"href":"https:\/\/artlawfoundation.com\/fr\/wp-json\/wp\/v2\/posts\/4123","targetHints":{"allow":["GET"]}}],"collection":[{"href":"https:\/\/artlawfoundation.com\/fr\/wp-json\/wp\/v2\/posts"}],"about":[{"href":"https:\/\/artlawfoundation.com\/fr\/wp-json\/wp\/v2\/types\/post"}],"author":[{"embeddable":true,"href":"https:\/\/artlawfoundation.com\/fr\/wp-json\/wp\/v2\/users\/3"}],"replies":[{"embeddable":true,"href":"https:\/\/artlawfoundation.com\/fr\/wp-json\/wp\/v2\/comments?post=4123"}],"version-history":[{"count":0,"href":"https:\/\/artlawfoundation.com\/fr\/wp-json\/wp\/v2\/posts\/4123\/revisions"}],"wp:featuredmedia":[{"embeddable":true,"href":"https:\/\/artlawfoundation.com\/fr\/wp-json\/wp\/v2\/media\/1726"}],"wp:attachment":[{"href":"https:\/\/artlawfoundation.com\/fr\/wp-json\/wp\/v2\/media?parent=4123"}],"wp:term":[{"taxonomy":"category","embeddable":true,"href":"https:\/\/artlawfoundation.com\/fr\/wp-json\/wp\/v2\/categories?post=4123"},{"taxonomy":"post_tag","embeddable":true,"href":"https:\/\/artlawfoundation.com\/fr\/wp-json\/wp\/v2\/tags?post=4123"}],"curies":[{"name":"wp","href":"https:\/\/api.w.org\/{rel}","templated":true}]}}