{"id":4115,"date":"2020-02-18T13:08:47","date_gmt":"2020-02-18T12:08:47","guid":{"rendered":"https:\/\/artlawfoundation.com\/nouveau-cours-la-philanthropie-culturelle-et-le-droit\/"},"modified":"2020-02-18T13:08:47","modified_gmt":"2020-02-18T12:08:47","slug":"nouveau-cours-la-philanthropie-culturelle-et-le-droit","status":"publish","type":"post","link":"https:\/\/artlawfoundation.com\/fr\/nouveau-cours-la-philanthropie-culturelle-et-le-droit\/","title":{"rendered":"Nouveau cours : La philanthropie culturelle et le droit"},"content":{"rendered":"<p><a href=\"https:\/\/artlawfoundation.com\/fda-events\/coursphilanthropie\/philanthropie-culturelle-et-le-droit\/\" rel=\"attachment wp-att-1700\"><img loading=\"lazy\" decoding=\"async\" width=\"360\" height=\"640\" class=\"size-full wp-image-1700 alignright\" src=\"https:\/\/artlawfoundation.com\/site\/wp-content\/uploads\/2020\/02\/Philanthropie-culturelle-et-le-droit.png\" alt=\"\" srcset=\"https:\/\/artlawfoundation.com\/site\/wp-content\/uploads\/2020\/02\/Philanthropie-culturelle-et-le-droit.png 360w, https:\/\/artlawfoundation.com\/site\/wp-content\/uploads\/2020\/02\/Philanthropie-culturelle-et-le-droit-250x444.png 250w, https:\/\/artlawfoundation.com\/site\/wp-content\/uploads\/2020\/02\/Philanthropie-culturelle-et-le-droit-120x213.png 120w\" sizes=\"auto, (max-width: 360px) 100vw, 360px\" \/><\/a>Le semestre de printemps d\u00e9bute d\u00e8s cette semaine \u00e0 l\u2019Universit\u00e9 de Gen\u00e8ve et nous avons le plaisir de vous annoncer que le Centre en philanthropie et le Centre du droit de l&rsquo;art proposent un nouveau cours ayant pour th\u00e8me<\/p>\n<p><strong><em>\u00ab\u00a0La philanthropie culturelle et le droit\u00a0\u00bb<\/em><\/strong><\/p>\n<p>Cette formation, destin\u00e9e \u00e0 l\u2019ensemble des \u00e9tudiants des Facult\u00e9s de Droit et des Lettres, est \u00e9galement ouverte au public.<\/p>\n<p>Ce cours sera enseign\u00e9 par Anne Laure Bandle, directrice de la Fondation et avocate, et fera intervenir d&rsquo;\u00e9minents sp\u00e9cialistes dans le domaine, \u00e0 savoir, Ad\u00e8le Aschehoug, Pierre Gabus, Aur\u00e9lie Gfeller, Yann Hendgen, Giulia Neri-Castracane, Marc-Andr\u00e9 Renold et Xavier Oberson.<\/p>\n<p>Vous en trouverez le programme d\u00e9taill\u00e9 <a href=\"https:\/\/www.unige.ch\/philanthropie\/index.php\/download_file\/view\/224\/198\/\">ici<\/a>.<\/p>\n<p>&nbsp;[:]\n","protected":false},"excerpt":{"rendered":"Le semestre de printemps d\u00e9bute d\u00e8s cette semaine \u00e0 l\u2019Universit\u00e9 de Gen\u00e8ve et nous avons le plaisir de vous annoncer que le Centre en philanthropie et le Centre du droit de l&rsquo;art proposent un nouveau cours ayant pour th\u00e8me \u00ab\u00a0La philanthropie culturelle et le droit\u00a0\u00bb Cette formation, destin\u00e9e \u00e0 l\u2019ensemble des \u00e9tudiants des Facult\u00e9s de&#8230; <a class=\"view-article\" href=\"https:\/\/artlawfoundation.com\/fr\/nouveau-cours-la-philanthropie-culturelle-et-le-droit\/\">Voir l&rsquo;article<\/a>","protected":false},"author":3,"featured_media":1700,"comment_status":"closed","ping_status":"closed","sticky":false,"template":"","format":"standard","meta":{"_acf_changed":false,"footnotes":""},"categories":[77,3],"tags":[],"class_list":["post-4115","post","type-post","status-publish","format-standard","has-post-thumbnail","hentry","category-news-fr","category-news"],"acf":[],"_links":{"self":[{"href":"https:\/\/artlawfoundation.com\/fr\/wp-json\/wp\/v2\/posts\/4115","targetHints":{"allow":["GET"]}}],"collection":[{"href":"https:\/\/artlawfoundation.com\/fr\/wp-json\/wp\/v2\/posts"}],"about":[{"href":"https:\/\/artlawfoundation.com\/fr\/wp-json\/wp\/v2\/types\/post"}],"author":[{"embeddable":true,"href":"https:\/\/artlawfoundation.com\/fr\/wp-json\/wp\/v2\/users\/3"}],"replies":[{"embeddable":true,"href":"https:\/\/artlawfoundation.com\/fr\/wp-json\/wp\/v2\/comments?post=4115"}],"version-history":[{"count":0,"href":"https:\/\/artlawfoundation.com\/fr\/wp-json\/wp\/v2\/posts\/4115\/revisions"}],"wp:featuredmedia":[{"embeddable":true,"href":"https:\/\/artlawfoundation.com\/fr\/wp-json\/wp\/v2\/media\/1700"}],"wp:attachment":[{"href":"https:\/\/artlawfoundation.com\/fr\/wp-json\/wp\/v2\/media?parent=4115"}],"wp:term":[{"taxonomy":"category","embeddable":true,"href":"https:\/\/artlawfoundation.com\/fr\/wp-json\/wp\/v2\/categories?post=4115"},{"taxonomy":"post_tag","embeddable":true,"href":"https:\/\/artlawfoundation.com\/fr\/wp-json\/wp\/v2\/tags?post=4115"}],"curies":[{"name":"wp","href":"https:\/\/api.w.org\/{rel}","templated":true}]}}