{"id":4060,"date":"2017-11-27T10:49:03","date_gmt":"2017-11-27T09:49:03","guid":{"rendered":"https:\/\/artlawfoundation.com\/presentation-de-m-david-hiler-sur-la-nouvelle-gouvernance-des-ports-francs\/"},"modified":"2017-11-27T10:49:03","modified_gmt":"2017-11-27T09:49:03","slug":"presentation-de-m-david-hiler-sur-la-nouvelle-gouvernance-des-ports-francs","status":"publish","type":"post","link":"https:\/\/artlawfoundation.com\/fr\/presentation-de-m-david-hiler-sur-la-nouvelle-gouvernance-des-ports-francs\/","title":{"rendered":"Pr\u00e9sentation de M. David Hiler sur la nouvelle gouvernance des Ports Francs"},"content":{"rendered":"<p>M. David Hiler, Pr\u00e9sident du Conseil d&rsquo;administration Ports Francs et Entrep\u00f4ts de Gen\u00e8ve SA, a pr\u00e9sent\u00e9 la nouvelle gouvernance des Ports Francs lors de la conf\u00e9rence \u00ab\u00a0Art en mouvement\u00a0\u00bb de la FDA, du Centre pour le droit de l&rsquo;art et de l&rsquo;Association genevoise de droit des affaires le 22 novembre dernier. Veuillez trouvez ici sa pr\u00e9sentation compl\u00e8te.<\/p>\n<p>&nbsp;<\/p>\n<a href=\"https:\/\/artlawfoundation.com\/site\/wp-content\/uploads\/2017\/11\/Hiler-David-pr\u00e9sentation-22.11.2017.pdf\" class=\"su-button su-button-style-flat down\" style=\"color:#ffffff;background-color:#4688BF;border-color:#386d99;border-radius:0px\" target=\"_blank\" rel=\"noopener noreferrer\"><span style=\"color:#ffffff;padding:6px 18px;font-size:14px;line-height:21px;border-color:#7eacd3;border-radius:0px;text-shadow:none\"><i class=\"sui sui-file-pdf-o\" style=\"font-size:14px;color:#ffffff\"><\/i> Pr\u00e9sentation compl\u00e8te<\/span><\/a>\n<p>&nbsp;[:]\n","protected":false},"excerpt":{"rendered":"M. David Hiler, Pr\u00e9sident du Conseil d&rsquo;administration Ports Francs et Entrep\u00f4ts de Gen\u00e8ve SA, a pr\u00e9sent\u00e9 la nouvelle gouvernance des Ports Francs lors de la conf\u00e9rence \u00ab\u00a0Art en mouvement\u00a0\u00bb de la FDA, du Centre pour le droit de l&rsquo;art et de l&rsquo;Association genevoise de droit des affaires le 22 novembre dernier. Veuillez trouvez ici sa&#8230; <a class=\"view-article\" href=\"https:\/\/artlawfoundation.com\/fr\/presentation-de-m-david-hiler-sur-la-nouvelle-gouvernance-des-ports-francs\/\">Voir l&rsquo;article<\/a>","protected":false},"author":3,"featured_media":1108,"comment_status":"closed","ping_status":"closed","sticky":false,"template":"","format":"standard","meta":{"_acf_changed":false,"footnotes":""},"categories":[77],"tags":[],"class_list":["post-4060","post","type-post","status-publish","format-standard","has-post-thumbnail","hentry","category-news-fr"],"acf":[],"_links":{"self":[{"href":"https:\/\/artlawfoundation.com\/fr\/wp-json\/wp\/v2\/posts\/4060","targetHints":{"allow":["GET"]}}],"collection":[{"href":"https:\/\/artlawfoundation.com\/fr\/wp-json\/wp\/v2\/posts"}],"about":[{"href":"https:\/\/artlawfoundation.com\/fr\/wp-json\/wp\/v2\/types\/post"}],"author":[{"embeddable":true,"href":"https:\/\/artlawfoundation.com\/fr\/wp-json\/wp\/v2\/users\/3"}],"replies":[{"embeddable":true,"href":"https:\/\/artlawfoundation.com\/fr\/wp-json\/wp\/v2\/comments?post=4060"}],"version-history":[{"count":0,"href":"https:\/\/artlawfoundation.com\/fr\/wp-json\/wp\/v2\/posts\/4060\/revisions"}],"wp:featuredmedia":[{"embeddable":true,"href":"https:\/\/artlawfoundation.com\/fr\/wp-json\/wp\/v2\/media\/1108"}],"wp:attachment":[{"href":"https:\/\/artlawfoundation.com\/fr\/wp-json\/wp\/v2\/media?parent=4060"}],"wp:term":[{"taxonomy":"category","embeddable":true,"href":"https:\/\/artlawfoundation.com\/fr\/wp-json\/wp\/v2\/categories?post=4060"},{"taxonomy":"post_tag","embeddable":true,"href":"https:\/\/artlawfoundation.com\/fr\/wp-json\/wp\/v2\/tags?post=4060"}],"curies":[{"name":"wp","href":"https:\/\/api.w.org\/{rel}","templated":true}]}}