{"id":4042,"date":"2017-01-28T14:48:45","date_gmt":"2017-01-28T13:48:45","guid":{"rendered":"https:\/\/artlawfoundation.com\/lancement-de-linitiative-responsible-art-market\/"},"modified":"2017-01-28T14:48:45","modified_gmt":"2017-01-28T13:48:45","slug":"lancement-de-linitiative-responsible-art-market","status":"publish","type":"post","link":"https:\/\/artlawfoundation.com\/fr\/lancement-de-linitiative-responsible-art-market\/","title":{"rendered":"Lancement de l&rsquo;Initiative Responsible Art Market"},"content":{"rendered":"<p>LA FDA et ses partenaires sont heureux de vous annoncer le lancement de l&rsquo;Initiative \u00a0 Responsible Art Market (RAM) Initiative et son site web d\u00e9di\u00e9 \u00e0 cette initiative\u00a0<a href=\"http:\/\/www.responsibleartmarket.org\">www.responsibleartmarket.org<\/a>.<\/p>\n<p>L&rsquo;Initiative RAM est une initiative interprofessionnelle form\u00e9e \u00e0 Gen\u00e8ve en 2015. Les membres fondateurs de RAM couvrent l&rsquo;entire du spectre du march\u00e9 de l&rsquo;art, comprenant\u00a0des galleries, marchands, maisons de ventes aux ench\u00e8res, conseillers et fournisseurs de services, avocats et acad\u00e9miciens ainsi que les autorit\u00e9s sp\u00e9cialis\u00e9s dans les questions relatives \u00e0 l&rsquo;art.<\/p>\n<p><a href=\"https:\/\/artlawfoundation.com\/launch-responsible-art-market-initiative\/ram\/\" rel=\"attachment wp-att-920\"><img loading=\"lazy\" decoding=\"async\" class=\"alignnone wp-image-920 size-full\" src=\"https:\/\/artlawfoundation.com\/site\/wp-content\/uploads\/2017\/01\/RAM-e1485611302518.png\" alt=\"RAM\" width=\"252\" height=\"252\" srcset=\"https:\/\/artlawfoundation.com\/site\/wp-content\/uploads\/2017\/01\/RAM-e1485611302518.png 252w, https:\/\/artlawfoundation.com\/site\/wp-content\/uploads\/2017\/01\/RAM-e1485611302518-100x100.png 100w, https:\/\/artlawfoundation.com\/site\/wp-content\/uploads\/2017\/01\/RAM-e1485611302518-150x150.png 150w, https:\/\/artlawfoundation.com\/site\/wp-content\/uploads\/2017\/01\/RAM-e1485611302518-250x250.png 250w, https:\/\/artlawfoundation.com\/site\/wp-content\/uploads\/2017\/01\/RAM-e1485611302518-120x120.png 120w, https:\/\/artlawfoundation.com\/site\/wp-content\/uploads\/2017\/01\/RAM-e1485611302518-200x200.png 200w\" sizes=\"auto, (max-width: 252px) 100vw, 252px\" \/><\/a><\/p>\n<p>La mission de RAM est de sensibiliser les acteurs du march\u00e9 de l\u2019art aux risques encourus par l&rsquo;industrie de l&rsquo;art et de fournir des conseils pratiques responsables qui permettront de faire face \u00e0 ces risques.[:]\n","protected":false},"excerpt":{"rendered":"LA FDA et ses partenaires sont heureux de vous annoncer le lancement de l&rsquo;Initiative \u00a0 Responsible Art Market (RAM) Initiative et son site web d\u00e9di\u00e9 \u00e0 cette initiative\u00a0www.responsibleartmarket.org. L&rsquo;Initiative RAM est une initiative interprofessionnelle form\u00e9e \u00e0 Gen\u00e8ve en 2015. Les membres fondateurs de RAM couvrent l&rsquo;entire du spectre du march\u00e9 de l&rsquo;art, comprenant\u00a0des galleries, marchands,&#8230; <a class=\"view-article\" href=\"https:\/\/artlawfoundation.com\/fr\/lancement-de-linitiative-responsible-art-market\/\">Voir l&rsquo;article<\/a>","protected":false},"author":3,"featured_media":920,"comment_status":"closed","ping_status":"closed","sticky":false,"template":"","format":"standard","meta":{"_acf_changed":false,"footnotes":""},"categories":[77],"tags":[],"class_list":["post-4042","post","type-post","status-publish","format-standard","has-post-thumbnail","hentry","category-news-fr"],"acf":[],"_links":{"self":[{"href":"https:\/\/artlawfoundation.com\/fr\/wp-json\/wp\/v2\/posts\/4042","targetHints":{"allow":["GET"]}}],"collection":[{"href":"https:\/\/artlawfoundation.com\/fr\/wp-json\/wp\/v2\/posts"}],"about":[{"href":"https:\/\/artlawfoundation.com\/fr\/wp-json\/wp\/v2\/types\/post"}],"author":[{"embeddable":true,"href":"https:\/\/artlawfoundation.com\/fr\/wp-json\/wp\/v2\/users\/3"}],"replies":[{"embeddable":true,"href":"https:\/\/artlawfoundation.com\/fr\/wp-json\/wp\/v2\/comments?post=4042"}],"version-history":[{"count":0,"href":"https:\/\/artlawfoundation.com\/fr\/wp-json\/wp\/v2\/posts\/4042\/revisions"}],"wp:featuredmedia":[{"embeddable":true,"href":"https:\/\/artlawfoundation.com\/fr\/wp-json\/wp\/v2\/media\/920"}],"wp:attachment":[{"href":"https:\/\/artlawfoundation.com\/fr\/wp-json\/wp\/v2\/media?parent=4042"}],"wp:term":[{"taxonomy":"category","embeddable":true,"href":"https:\/\/artlawfoundation.com\/fr\/wp-json\/wp\/v2\/categories?post=4042"},{"taxonomy":"post_tag","embeddable":true,"href":"https:\/\/artlawfoundation.com\/fr\/wp-json\/wp\/v2\/tags?post=4042"}],"curies":[{"name":"wp","href":"https:\/\/api.w.org\/{rel}","templated":true}]}}