{"id":4040,"date":"2017-01-09T17:59:55","date_gmt":"2017-01-09T16:59:55","guid":{"rendered":"https:\/\/artlawfoundation.com\/nouvelle-edition-du-art-law-magazine\/"},"modified":"2017-01-09T17:59:55","modified_gmt":"2017-01-09T16:59:55","slug":"nouvelle-edition-du-art-law-magazine","status":"publish","type":"post","link":"https:\/\/artlawfoundation.com\/fr\/nouvelle-edition-du-art-law-magazine\/","title":{"rendered":"Nouvelle \u00e9dition du Art Law Magazine"},"content":{"rendered":"<div id=\"attachment_892\" style=\"width: 246px\" class=\"wp-caption alignright\"><img loading=\"lazy\" decoding=\"async\" aria-describedby=\"caption-attachment-892\" class=\"wp-image-892 size-medium\" src=\"https:\/\/artlawfoundation.com\/site\/wp-content\/uploads\/2017\/01\/Juan-Gris-portrait-of-picasso-250x318.jpg\" alt=\"juan-gris-portrait-of-picasso\" width=\"236\" height=\"300\" srcset=\"https:\/\/artlawfoundation.com\/site\/wp-content\/uploads\/2017\/01\/Juan-Gris-portrait-of-picasso-250x318.jpg 250w, https:\/\/artlawfoundation.com\/site\/wp-content\/uploads\/2017\/01\/Juan-Gris-portrait-of-picasso-600x763.jpg 600w, https:\/\/artlawfoundation.com\/site\/wp-content\/uploads\/2017\/01\/Juan-Gris-portrait-of-picasso-768x977.jpg 768w, https:\/\/artlawfoundation.com\/site\/wp-content\/uploads\/2017\/01\/Juan-Gris-portrait-of-picasso-700x891.jpg 700w, https:\/\/artlawfoundation.com\/site\/wp-content\/uploads\/2017\/01\/Juan-Gris-portrait-of-picasso-120x153.jpg 120w, https:\/\/artlawfoundation.com\/site\/wp-content\/uploads\/2017\/01\/Juan-Gris-portrait-of-picasso.jpg 1024w\" sizes=\"auto, (max-width: 236px) 100vw, 236px\" \/><p id=\"caption-attachment-892\" class=\"wp-caption-text\">Juan Gris &#8211; Portrait of Picasso, 1912 (Public domain)<\/p><\/div>\n<p>La 4e \u00e9dition du Art Law Magazine vient de para\u00eetre (d\u00e9cembre 2016).<\/p>\n<p>Cette publication traite de sujets d\u2019actualit\u00e9, et plus particuli\u00e8rement\u00a0:<\/p>\n<ul>\n<li>De l\u2019affaire impliquant M. et Mme Le Guennec relative \u00e0 la d\u00e9tention de 271 \u0153uvres de Picasso entrepos\u00e9es pendant 40 ans dans leur garage,<\/li>\n<li>Du m\u00e9tier d&rsquo;expert en art,<\/li>\n<li>De la fiscalit\u00e9 du m\u00e9c\u00e9nat en faveur d&rsquo;institutions culturelles en Suisse et \u00e0 l&rsquo;\u00e9tranger,<\/li>\n<li>De la nouvelle r\u00e9mun\u00e9ration en France pour le r\u00e9f\u00e9rencement d&rsquo;\u0153uvres d&rsquo;art<br \/>\nplastique, graphiques ou photographiques.<\/li>\n<\/ul>\n<p>&nbsp;<\/p>\n<p>Les membres de la FDA peuvent t\u00e9l\u00e9charger cette publication sur notre site sous la rubrique \u00ab\u00a0Publications\u00a0\u00bb.[:]\n","protected":false},"excerpt":{"rendered":"La 4e \u00e9dition du Art Law Magazine vient de para\u00eetre (d\u00e9cembre 2016). Cette publication traite de sujets d\u2019actualit\u00e9, et plus particuli\u00e8rement\u00a0: De l\u2019affaire impliquant M. et Mme Le Guennec relative \u00e0 la d\u00e9tention de 271 \u0153uvres de Picasso entrepos\u00e9es pendant 40 ans dans leur garage, Du m\u00e9tier d&rsquo;expert en art, De la fiscalit\u00e9 du m\u00e9c\u00e9nat&#8230; <a class=\"view-article\" href=\"https:\/\/artlawfoundation.com\/fr\/nouvelle-edition-du-art-law-magazine\/\">Voir l&rsquo;article<\/a>","protected":false},"author":3,"featured_media":892,"comment_status":"closed","ping_status":"closed","sticky":false,"template":"","format":"standard","meta":{"_acf_changed":false,"footnotes":""},"categories":[77],"tags":[],"class_list":["post-4040","post","type-post","status-publish","format-standard","has-post-thumbnail","hentry","category-news-fr"],"acf":[],"_links":{"self":[{"href":"https:\/\/artlawfoundation.com\/fr\/wp-json\/wp\/v2\/posts\/4040","targetHints":{"allow":["GET"]}}],"collection":[{"href":"https:\/\/artlawfoundation.com\/fr\/wp-json\/wp\/v2\/posts"}],"about":[{"href":"https:\/\/artlawfoundation.com\/fr\/wp-json\/wp\/v2\/types\/post"}],"author":[{"embeddable":true,"href":"https:\/\/artlawfoundation.com\/fr\/wp-json\/wp\/v2\/users\/3"}],"replies":[{"embeddable":true,"href":"https:\/\/artlawfoundation.com\/fr\/wp-json\/wp\/v2\/comments?post=4040"}],"version-history":[{"count":0,"href":"https:\/\/artlawfoundation.com\/fr\/wp-json\/wp\/v2\/posts\/4040\/revisions"}],"wp:featuredmedia":[{"embeddable":true,"href":"https:\/\/artlawfoundation.com\/fr\/wp-json\/wp\/v2\/media\/892"}],"wp:attachment":[{"href":"https:\/\/artlawfoundation.com\/fr\/wp-json\/wp\/v2\/media?parent=4040"}],"wp:term":[{"taxonomy":"category","embeddable":true,"href":"https:\/\/artlawfoundation.com\/fr\/wp-json\/wp\/v2\/categories?post=4040"},{"taxonomy":"post_tag","embeddable":true,"href":"https:\/\/artlawfoundation.com\/fr\/wp-json\/wp\/v2\/tags?post=4040"}],"curies":[{"name":"wp","href":"https:\/\/api.w.org\/{rel}","templated":true}]}}