{"id":3994,"date":"2015-10-28T13:32:47","date_gmt":"2015-10-28T12:32:47","guid":{"rendered":"https:\/\/artlawfoundation.com\/etudes-en-droit-de-lart-vol-25-lart-a-t-il-un-prix-the-art-of-pricing-the-priceless\/"},"modified":"2015-10-28T13:32:47","modified_gmt":"2015-10-28T12:32:47","slug":"etudes-en-droit-de-lart-vol-25-lart-a-t-il-un-prix-the-art-of-pricing-the-priceless","status":"publish","type":"post","link":"https:\/\/artlawfoundation.com\/fr\/etudes-en-droit-de-lart-vol-25-lart-a-t-il-un-prix-the-art-of-pricing-the-priceless\/","title":{"rendered":"Etudes en droit de l&rsquo;art vol 25: L&rsquo;art a-t-il un prix ? The Art of Pricing the Priceless"},"content":{"rendered":"<p><img loading=\"lazy\" decoding=\"async\" class=\"alignleft wp-image-365 size-full\" src=\"https:\/\/artlawfoundation.com\/site\/wp-content\/uploads\/2015\/10\/Vol-25.jpg\" alt=\"Vol 25\" width=\"200\" height=\"291\" srcset=\"https:\/\/artlawfoundation.com\/site\/wp-content\/uploads\/2015\/10\/Vol-25.jpg 200w, https:\/\/artlawfoundation.com\/site\/wp-content\/uploads\/2015\/10\/Vol-25-120x175.jpg 120w\" sizes=\"auto, (max-width: 200px) 100vw, 200px\" \/><\/p>\n<p>Les ventes d\u2019art et d\u2019antiquit\u00e9s sur le march\u00e9 international ont g\u00e9n\u00e9r\u00e9 un produit de plusieurs dizaines de milliards de dollars, qui ne cesse de cro\u00eetre chaque ann\u00e9e. Les prix sont \u00e9galement en sensible augmentation, certaines ventes atteignant des sommes consid\u00e9rables. Ainsi, le march\u00e9 de l\u2019art semble n\u2019avoir aucune limite.<br \/>\nDans ce contexte, comment d\u00e9terminer le prix d\u2019une \u0153uvre d\u2019art ? L\u2019objectif de cet ouvrage est de d\u00e9finir les crit\u00e8res pertinents de l\u2019\u00e9valuation du prix et de d\u00e9terminer les risques inh\u00e9rents \u00e0 cet exercice.<br \/>\nCet ouvrage traite des principaux domaines li\u00e9s \u00e0 ces probl\u00e9matiques, notamment le contentieux, la vente, les garanties dans les ventes aux ench\u00e8res, l\u2019objet d\u2019art comme s\u00fbret\u00e9 mobili\u00e8re et la fiscalit\u00e9. Il regroupe les contributions des Professeurs Sylvain Marchand, B\u00e9n\u00e9dict Fo\u00ebx, Xavier Oberson et Henry Peter ainsi que de Pierre Valentin, Paul-Beno\u00eet Duvoisin, Pierre Gabus et Anne Laure Bandle.<\/p>\n<div class=\"biblioTitle\"><span class=\"value\"><strong>L&rsquo;art a-t-il un prix? The Art of Pricing the Priceless<\/strong>,\u00a0<\/span><span class=\"value\">L&rsquo;\u00e9valuation des oeuvres d&rsquo;art, ses d\u00e9fis pratiques et juridiques &#8211; On the Valuation of Art, its Challenges and Liabilities (French-English), Schulthess,\u00a0<a href=\"http:\/\/www.schulthess.com\/verlag\/detail\/ISBN-9783725570485\/Gabus-Pierre-Hrsg.-Bandle-Anne-Laure-Hrsg.\/Lart-a-t-il-un-prix-The-Art-of-Pricing-the-Priceless?CSPCHD=0000010000001196w8l53C0000pgu5ICiv4iBw_dQidddjSA--&amp;bpmlang=fr\">Commander en ligne<\/a><\/span><\/div>\n[:]\n","protected":false},"excerpt":{"rendered":"Les ventes d\u2019art et d\u2019antiquit\u00e9s sur le march\u00e9 international ont g\u00e9n\u00e9r\u00e9 un produit de plusieurs dizaines de milliards de dollars, qui ne cesse de cro\u00eetre chaque ann\u00e9e. Les prix sont \u00e9galement en sensible augmentation, certaines ventes atteignant des sommes consid\u00e9rables. Ainsi, le march\u00e9 de l\u2019art semble n\u2019avoir aucune limite. Dans ce contexte, comment d\u00e9terminer le&#8230; <a class=\"view-article\" href=\"https:\/\/artlawfoundation.com\/fr\/etudes-en-droit-de-lart-vol-25-lart-a-t-il-un-prix-the-art-of-pricing-the-priceless\/\">Voir l&rsquo;article<\/a>","protected":false},"author":3,"featured_media":381,"comment_status":"closed","ping_status":"closed","sticky":false,"template":"","format":"standard","meta":{"_acf_changed":false,"footnotes":""},"categories":[77,3],"tags":[],"class_list":["post-3994","post","type-post","status-publish","format-standard","has-post-thumbnail","hentry","category-news-fr","category-news"],"acf":[],"_links":{"self":[{"href":"https:\/\/artlawfoundation.com\/fr\/wp-json\/wp\/v2\/posts\/3994","targetHints":{"allow":["GET"]}}],"collection":[{"href":"https:\/\/artlawfoundation.com\/fr\/wp-json\/wp\/v2\/posts"}],"about":[{"href":"https:\/\/artlawfoundation.com\/fr\/wp-json\/wp\/v2\/types\/post"}],"author":[{"embeddable":true,"href":"https:\/\/artlawfoundation.com\/fr\/wp-json\/wp\/v2\/users\/3"}],"replies":[{"embeddable":true,"href":"https:\/\/artlawfoundation.com\/fr\/wp-json\/wp\/v2\/comments?post=3994"}],"version-history":[{"count":0,"href":"https:\/\/artlawfoundation.com\/fr\/wp-json\/wp\/v2\/posts\/3994\/revisions"}],"wp:featuredmedia":[{"embeddable":true,"href":"https:\/\/artlawfoundation.com\/fr\/wp-json\/wp\/v2\/media\/381"}],"wp:attachment":[{"href":"https:\/\/artlawfoundation.com\/fr\/wp-json\/wp\/v2\/media?parent=3994"}],"wp:term":[{"taxonomy":"category","embeddable":true,"href":"https:\/\/artlawfoundation.com\/fr\/wp-json\/wp\/v2\/categories?post=3994"},{"taxonomy":"post_tag","embeddable":true,"href":"https:\/\/artlawfoundation.com\/fr\/wp-json\/wp\/v2\/tags?post=3994"}],"curies":[{"name":"wp","href":"https:\/\/api.w.org\/{rel}","templated":true}]}}